{"id":382,"date":"2018-07-29T14:39:37","date_gmt":"2018-07-29T12:39:37","guid":{"rendered":"http:\/\/nas.brenzikofer.ch\/wordpress\/?p=382"},"modified":"2018-07-29T14:42:17","modified_gmt":"2018-07-29T12:42:17","slug":"el-golfo-gruene-lagune","status":"publish","type":"post","link":"http:\/\/nas.brenzikofer.ch\/wordpress\/2018\/07\/29\/el-golfo-gruene-lagune\/","title":{"rendered":"El Golfo (gr\u00fcne Lagune)"},"content":{"rendered":"<p><img loading=\"lazy\" class=\"alignnone size-medium wp-image-383\" src=\"http:\/\/nas.brenzikofer.ch\/wordpress\/wp-content\/uploads\/2018\/07\/seh-13-300x120.jpg\" alt=\"\" width=\"300\" height=\"120\" srcset=\"http:\/\/nas.brenzikofer.ch\/wordpress\/wp-content\/uploads\/2018\/07\/seh-13-300x120.jpg 300w, http:\/\/nas.brenzikofer.ch\/wordpress\/wp-content\/uploads\/2018\/07\/seh-13-768x307.jpg 768w, http:\/\/nas.brenzikofer.ch\/wordpress\/wp-content\/uploads\/2018\/07\/seh-13-1024x409.jpg 1024w, http:\/\/nas.brenzikofer.ch\/wordpress\/wp-content\/uploads\/2018\/07\/seh-13.jpg 1064w\" sizes=\"(max-width: 300px) 100vw, 300px\" \/><\/p>\n<p>Die gr\u00fcne Lagune von El Golfo ist markant gr\u00fcn. Diese gr\u00fcne Farbe entsteht durch eine einzellige Alge, die sich dem hohen Salzgehalt der Lagune angepasst hat. Die Farbe sowie der Strand, an welchem sich die Lagune befindet, sind sehr eindr\u00fccklich.<\/p>\n","protected":false},"excerpt":{"rendered":"<p>Die gr\u00fcne Lagune von El Golfo ist markant gr\u00fcn. Diese gr\u00fcne Farbe entsteht durch eine einzellige Alge, die sich dem hohen Salzgehalt der Lagune angepasst hat. Die Farbe sowie der Strand, an welchem sich die Lagune befindet, sind sehr eindr\u00fccklich.<\/p>\n","protected":false},"author":1,"featured_media":0,"comment_status":"closed","ping_status":"closed","sticky":false,"template":"","format":"standard","meta":[],"categories":[5],"tags":[],"_links":{"self":[{"href":"http:\/\/nas.brenzikofer.ch\/wordpress\/wp-json\/wp\/v2\/posts\/382"}],"collection":[{"href":"http:\/\/nas.brenzikofer.ch\/wordpress\/wp-json\/wp\/v2\/posts"}],"about":[{"href":"http:\/\/nas.brenzikofer.ch\/wordpress\/wp-json\/wp\/v2\/types\/post"}],"author":[{"embeddable":true,"href":"http:\/\/nas.brenzikofer.ch\/wordpress\/wp-json\/wp\/v2\/users\/1"}],"replies":[{"embeddable":true,"href":"http:\/\/nas.brenzikofer.ch\/wordpress\/wp-json\/wp\/v2\/comments?post=382"}],"version-history":[{"count":2,"href":"http:\/\/nas.brenzikofer.ch\/wordpress\/wp-json\/wp\/v2\/posts\/382\/revisions"}],"predecessor-version":[{"id":388,"href":"http:\/\/nas.brenzikofer.ch\/wordpress\/wp-json\/wp\/v2\/posts\/382\/revisions\/388"}],"wp:attachment":[{"href":"http:\/\/nas.brenzikofer.ch\/wordpress\/wp-json\/wp\/v2\/media?parent=382"}],"wp:term":[{"taxonomy":"category","embeddable":true,"href":"http:\/\/nas.brenzikofer.ch\/wordpress\/wp-json\/wp\/v2\/categories?post=382"},{"taxonomy":"post_tag","embeddable":true,"href":"http:\/\/nas.brenzikofer.ch\/wordpress\/wp-json\/wp\/v2\/tags?post=382"}],"curies":[{"name":"wp","href":"https:\/\/api.w.org\/{rel}","templated":true}]}}