{"id":379,"date":"2018-07-29T14:38:42","date_gmt":"2018-07-29T12:38:42","guid":{"rendered":"http:\/\/nas.brenzikofer.ch\/wordpress\/?p=379"},"modified":"2018-07-29T14:42:22","modified_gmt":"2018-07-29T12:42:22","slug":"jameos-del-agua","status":"publish","type":"post","link":"http:\/\/nas.brenzikofer.ch\/wordpress\/2018\/07\/29\/jameos-del-agua\/","title":{"rendered":"Jameos del Agua"},"content":{"rendered":"<p><img loading=\"lazy\" class=\"alignnone size-medium wp-image-380\" src=\"http:\/\/nas.brenzikofer.ch\/wordpress\/wp-content\/uploads\/2018\/07\/seh-12-300x122.jpg\" alt=\"\" width=\"300\" height=\"122\" srcset=\"http:\/\/nas.brenzikofer.ch\/wordpress\/wp-content\/uploads\/2018\/07\/seh-12-300x122.jpg 300w, http:\/\/nas.brenzikofer.ch\/wordpress\/wp-content\/uploads\/2018\/07\/seh-12.jpg 550w\" sizes=\"(max-width: 300px) 100vw, 300px\" \/><\/p>\n<p>Bei Jameos del Agua handelt es sich ebenfalls um eine Lavar\u00f6hre. Diese Lavar\u00f6hre wurde allerdings durch C\u00e9sar Manrique mit Pool, Restaurant und Veranstaltungsm\u00f6glichkeiten ausgestattet. Die Jameos del Agua ist durch die Lavar\u00f6hre mit den Cueva de los Verdes verbunden. Es befindet sich ein unterirdischer See bei den Jameos del Agua, welcher von einer speziellen weissen Krebsart bewohnt ist.<\/p>\n","protected":false},"excerpt":{"rendered":"<p>Bei Jameos del Agua handelt es sich ebenfalls um eine Lavar\u00f6hre. Diese Lavar\u00f6hre wurde allerdings durch C\u00e9sar Manrique mit Pool, Restaurant und Veranstaltungsm\u00f6glichkeiten ausgestattet. Die Jameos del Agua ist durch die Lavar\u00f6hre mit den Cueva de los Verdes verbunden. Es befindet sich ein unterirdischer See bei den Jameos del Agua, welcher von einer speziellen weissen Krebsart bewohnt ist.<\/p>\n","protected":false},"author":1,"featured_media":0,"comment_status":"closed","ping_status":"closed","sticky":false,"template":"","format":"standard","meta":[],"categories":[5],"tags":[],"_links":{"self":[{"href":"http:\/\/nas.brenzikofer.ch\/wordpress\/wp-json\/wp\/v2\/posts\/379"}],"collection":[{"href":"http:\/\/nas.brenzikofer.ch\/wordpress\/wp-json\/wp\/v2\/posts"}],"about":[{"href":"http:\/\/nas.brenzikofer.ch\/wordpress\/wp-json\/wp\/v2\/types\/post"}],"author":[{"embeddable":true,"href":"http:\/\/nas.brenzikofer.ch\/wordpress\/wp-json\/wp\/v2\/users\/1"}],"replies":[{"embeddable":true,"href":"http:\/\/nas.brenzikofer.ch\/wordpress\/wp-json\/wp\/v2\/comments?post=379"}],"version-history":[{"count":1,"href":"http:\/\/nas.brenzikofer.ch\/wordpress\/wp-json\/wp\/v2\/posts\/379\/revisions"}],"predecessor-version":[{"id":381,"href":"http:\/\/nas.brenzikofer.ch\/wordpress\/wp-json\/wp\/v2\/posts\/379\/revisions\/381"}],"wp:attachment":[{"href":"http:\/\/nas.brenzikofer.ch\/wordpress\/wp-json\/wp\/v2\/media?parent=379"}],"wp:term":[{"taxonomy":"category","embeddable":true,"href":"http:\/\/nas.brenzikofer.ch\/wordpress\/wp-json\/wp\/v2\/categories?post=379"},{"taxonomy":"post_tag","embeddable":true,"href":"http:\/\/nas.brenzikofer.ch\/wordpress\/wp-json\/wp\/v2\/tags?post=379"}],"curies":[{"name":"wp","href":"https:\/\/api.w.org\/{rel}","templated":true}]}}