{"id":376,"date":"2018-07-29T14:37:52","date_gmt":"2018-07-29T12:37:52","guid":{"rendered":"http:\/\/nas.brenzikofer.ch\/wordpress\/?p=376"},"modified":"2018-07-29T14:42:27","modified_gmt":"2018-07-29T12:42:27","slug":"cueva-de-los-verdes","status":"publish","type":"post","link":"http:\/\/nas.brenzikofer.ch\/wordpress\/2018\/07\/29\/cueva-de-los-verdes\/","title":{"rendered":"Cueva de los verdes"},"content":{"rendered":"<p><img loading=\"lazy\" class=\"alignnone size-medium wp-image-377\" src=\"http:\/\/nas.brenzikofer.ch\/wordpress\/wp-content\/uploads\/2018\/07\/seh-11-300x136.jpg\" alt=\"\" width=\"300\" height=\"136\" srcset=\"http:\/\/nas.brenzikofer.ch\/wordpress\/wp-content\/uploads\/2018\/07\/seh-11-300x136.jpg 300w, http:\/\/nas.brenzikofer.ch\/wordpress\/wp-content\/uploads\/2018\/07\/seh-11.jpg 707w\" sizes=\"(max-width: 300px) 100vw, 300px\" \/><\/p>\n<p>Die Cueva de los Verdes sind zwei \u00fcbereinanderliegende lange Lavar\u00f6hren, von denen circa ein Kilometer begangen werden kann. Die R\u00f6hren wurden auf eine sehr raffinierte Art indirekt Beleuchtet und bei einem Durchlauf wird gregorianischer Gesang gespielt. In den Cueva de los verdes befindet sich unteranderem eine naturbelassene grosse Halle, in der sich eine B\u00fchne befindet, auf der ab und zu Konzerte stattfinden, da die Akustik in der Halle sehr gut ist.<\/p>\n","protected":false},"excerpt":{"rendered":"<p>Die Cueva de los Verdes sind zwei \u00fcbereinanderliegende lange Lavar\u00f6hren, von denen circa ein Kilometer begangen werden kann. Die R\u00f6hren wurden auf eine sehr raffinierte Art indirekt Beleuchtet und bei einem Durchlauf wird gregorianischer Gesang gespielt. In den Cueva de los verdes befindet sich unteranderem eine naturbelassene grosse Halle, in der sich eine B\u00fchne befindet, auf der ab und zu Konzerte stattfinden, da die Akustik in der Halle sehr gut ist.<\/p>\n","protected":false},"author":1,"featured_media":0,"comment_status":"closed","ping_status":"closed","sticky":false,"template":"","format":"standard","meta":[],"categories":[5],"tags":[],"_links":{"self":[{"href":"http:\/\/nas.brenzikofer.ch\/wordpress\/wp-json\/wp\/v2\/posts\/376"}],"collection":[{"href":"http:\/\/nas.brenzikofer.ch\/wordpress\/wp-json\/wp\/v2\/posts"}],"about":[{"href":"http:\/\/nas.brenzikofer.ch\/wordpress\/wp-json\/wp\/v2\/types\/post"}],"author":[{"embeddable":true,"href":"http:\/\/nas.brenzikofer.ch\/wordpress\/wp-json\/wp\/v2\/users\/1"}],"replies":[{"embeddable":true,"href":"http:\/\/nas.brenzikofer.ch\/wordpress\/wp-json\/wp\/v2\/comments?post=376"}],"version-history":[{"count":1,"href":"http:\/\/nas.brenzikofer.ch\/wordpress\/wp-json\/wp\/v2\/posts\/376\/revisions"}],"predecessor-version":[{"id":378,"href":"http:\/\/nas.brenzikofer.ch\/wordpress\/wp-json\/wp\/v2\/posts\/376\/revisions\/378"}],"wp:attachment":[{"href":"http:\/\/nas.brenzikofer.ch\/wordpress\/wp-json\/wp\/v2\/media?parent=376"}],"wp:term":[{"taxonomy":"category","embeddable":true,"href":"http:\/\/nas.brenzikofer.ch\/wordpress\/wp-json\/wp\/v2\/categories?post=376"},{"taxonomy":"post_tag","embeddable":true,"href":"http:\/\/nas.brenzikofer.ch\/wordpress\/wp-json\/wp\/v2\/tags?post=376"}],"curies":[{"name":"wp","href":"https:\/\/api.w.org\/{rel}","templated":true}]}}