{"id":364,"date":"2018-07-29T14:33:12","date_gmt":"2018-07-29T12:33:12","guid":{"rendered":"http:\/\/nas.brenzikofer.ch\/wordpress\/?p=364"},"modified":"2018-07-29T14:42:49","modified_gmt":"2018-07-29T12:42:49","slug":"jardin-de-cactus","status":"publish","type":"post","link":"http:\/\/nas.brenzikofer.ch\/wordpress\/2018\/07\/29\/jardin-de-cactus\/","title":{"rendered":"Jardin de Cactus"},"content":{"rendered":"<p><img loading=\"lazy\" class=\"alignnone size-medium wp-image-365\" src=\"http:\/\/nas.brenzikofer.ch\/wordpress\/wp-content\/uploads\/2018\/07\/seh-2-300x135.jpg\" alt=\"\" width=\"300\" height=\"135\" srcset=\"http:\/\/nas.brenzikofer.ch\/wordpress\/wp-content\/uploads\/2018\/07\/seh-2-300x135.jpg 300w, http:\/\/nas.brenzikofer.ch\/wordpress\/wp-content\/uploads\/2018\/07\/seh-2.jpg 467w\" sizes=\"(max-width: 300px) 100vw, 300px\" \/><\/p>\n<p>Der Kakteengarten befindet sich im Nachbardorf von Los Cocoteros in Guatiza. Der Kakteengarten, der \u00fcbrigens ebenfalls von C\u00e9sar Manrique erstellt wurde, beheimatet 4500 Kakteen darunter befinden sich 450 verschiedene Arten aus 13 Gattungen von f\u00fcnf Kontinenten. Die Farbkontraste der gr\u00fcnen Kakteen mit dem dunklen Boden und dem blauen Himmel ergeben ein wundersch\u00f6nes Bild.<\/p>\n","protected":false},"excerpt":{"rendered":"<p>Der Kakteengarten befindet sich im Nachbardorf von Los Cocoteros in Guatiza. Der Kakteengarten, der \u00fcbrigens ebenfalls von C\u00e9sar Manrique erstellt wurde, beheimatet 4500 Kakteen darunter befinden sich 450 verschiedene Arten aus 13 Gattungen von f\u00fcnf Kontinenten. Die Farbkontraste der gr\u00fcnen Kakteen mit dem dunklen Boden und dem blauen Himmel ergeben ein wundersch\u00f6nes Bild.<\/p>\n","protected":false},"author":1,"featured_media":0,"comment_status":"closed","ping_status":"closed","sticky":false,"template":"","format":"standard","meta":[],"categories":[5],"tags":[],"_links":{"self":[{"href":"http:\/\/nas.brenzikofer.ch\/wordpress\/wp-json\/wp\/v2\/posts\/364"}],"collection":[{"href":"http:\/\/nas.brenzikofer.ch\/wordpress\/wp-json\/wp\/v2\/posts"}],"about":[{"href":"http:\/\/nas.brenzikofer.ch\/wordpress\/wp-json\/wp\/v2\/types\/post"}],"author":[{"embeddable":true,"href":"http:\/\/nas.brenzikofer.ch\/wordpress\/wp-json\/wp\/v2\/users\/1"}],"replies":[{"embeddable":true,"href":"http:\/\/nas.brenzikofer.ch\/wordpress\/wp-json\/wp\/v2\/comments?post=364"}],"version-history":[{"count":1,"href":"http:\/\/nas.brenzikofer.ch\/wordpress\/wp-json\/wp\/v2\/posts\/364\/revisions"}],"predecessor-version":[{"id":366,"href":"http:\/\/nas.brenzikofer.ch\/wordpress\/wp-json\/wp\/v2\/posts\/364\/revisions\/366"}],"wp:attachment":[{"href":"http:\/\/nas.brenzikofer.ch\/wordpress\/wp-json\/wp\/v2\/media?parent=364"}],"wp:term":[{"taxonomy":"category","embeddable":true,"href":"http:\/\/nas.brenzikofer.ch\/wordpress\/wp-json\/wp\/v2\/categories?post=364"},{"taxonomy":"post_tag","embeddable":true,"href":"http:\/\/nas.brenzikofer.ch\/wordpress\/wp-json\/wp\/v2\/tags?post=364"}],"curies":[{"name":"wp","href":"https:\/\/api.w.org\/{rel}","templated":true}]}}