{"id":354,"date":"2018-07-29T14:23:38","date_gmt":"2018-07-29T12:23:38","guid":{"rendered":"http:\/\/nas.brenzikofer.ch\/wordpress\/?p=354"},"modified":"2018-07-29T14:24:27","modified_gmt":"2018-07-29T12:24:27","slug":"charca-de-la-laja","status":"publish","type":"post","link":"http:\/\/nas.brenzikofer.ch\/wordpress\/2018\/07\/29\/charca-de-la-laja\/","title":{"rendered":"Charca de la Laja"},"content":{"rendered":"<p><img loading=\"lazy\" class=\"alignnone size-medium wp-image-356\" src=\"http:\/\/nas.brenzikofer.ch\/wordpress\/wp-content\/uploads\/2018\/07\/strand-7-300x189.jpg\" alt=\"\" width=\"300\" height=\"189\" srcset=\"http:\/\/nas.brenzikofer.ch\/wordpress\/wp-content\/uploads\/2018\/07\/strand-7-300x189.jpg 300w, http:\/\/nas.brenzikofer.ch\/wordpress\/wp-content\/uploads\/2018\/07\/strand-7.jpg 500w\" sizes=\"(max-width: 300px) 100vw, 300px\" \/><\/p>\n<p>Dieser Sandstrand befindet sich in der N\u00e4he von \u00d3rzola und liegt in einer wundersch\u00f6nen Bucht. Das Meer ist t\u00fcrkisblau und wunderbar geeignet f\u00fcr eine Abk\u00fchlung im Meer.<\/p>\n","protected":false},"excerpt":{"rendered":"<p>Dieser Sandstrand befindet sich in der N\u00e4he von \u00d3rzola und liegt in einer wundersch\u00f6nen Bucht. Das Meer ist t\u00fcrkisblau und wunderbar geeignet f\u00fcr eine Abk\u00fchlung im Meer.<\/p>\n","protected":false},"author":1,"featured_media":0,"comment_status":"closed","ping_status":"closed","sticky":false,"template":"","format":"standard","meta":[],"categories":[8],"tags":[],"_links":{"self":[{"href":"http:\/\/nas.brenzikofer.ch\/wordpress\/wp-json\/wp\/v2\/posts\/354"}],"collection":[{"href":"http:\/\/nas.brenzikofer.ch\/wordpress\/wp-json\/wp\/v2\/posts"}],"about":[{"href":"http:\/\/nas.brenzikofer.ch\/wordpress\/wp-json\/wp\/v2\/types\/post"}],"author":[{"embeddable":true,"href":"http:\/\/nas.brenzikofer.ch\/wordpress\/wp-json\/wp\/v2\/users\/1"}],"replies":[{"embeddable":true,"href":"http:\/\/nas.brenzikofer.ch\/wordpress\/wp-json\/wp\/v2\/comments?post=354"}],"version-history":[{"count":1,"href":"http:\/\/nas.brenzikofer.ch\/wordpress\/wp-json\/wp\/v2\/posts\/354\/revisions"}],"predecessor-version":[{"id":357,"href":"http:\/\/nas.brenzikofer.ch\/wordpress\/wp-json\/wp\/v2\/posts\/354\/revisions\/357"}],"wp:attachment":[{"href":"http:\/\/nas.brenzikofer.ch\/wordpress\/wp-json\/wp\/v2\/media?parent=354"}],"wp:term":[{"taxonomy":"category","embeddable":true,"href":"http:\/\/nas.brenzikofer.ch\/wordpress\/wp-json\/wp\/v2\/categories?post=354"},{"taxonomy":"post_tag","embeddable":true,"href":"http:\/\/nas.brenzikofer.ch\/wordpress\/wp-json\/wp\/v2\/tags?post=354"}],"curies":[{"name":"wp","href":"https:\/\/api.w.org\/{rel}","templated":true}]}}