{"id":280,"date":"2018-07-29T13:22:19","date_gmt":"2018-07-29T11:22:19","guid":{"rendered":"http:\/\/nas.brenzikofer.ch\/wordpress\/?p=280"},"modified":"2018-07-29T14:10:37","modified_gmt":"2018-07-29T12:10:37","slug":"280","status":"publish","type":"post","link":"http:\/\/nas.brenzikofer.ch\/wordpress\/2018\/07\/29\/280\/","title":{"rendered":"La Cantinetta"},"content":{"rendered":"<p style=\"text-align: left;\"><img loading=\"lazy\" class=\"alignnone size-medium wp-image-207\" src=\"http:\/\/nas.brenzikofer.ch\/wordpress\/wp-content\/uploads\/2018\/03\/La-Cantinetta-300x225.jpg\" alt=\"\" width=\"300\" height=\"225\" srcset=\"http:\/\/nas.brenzikofer.ch\/wordpress\/wp-content\/uploads\/2018\/03\/La-Cantinetta-300x225.jpg 300w, http:\/\/nas.brenzikofer.ch\/wordpress\/wp-content\/uploads\/2018\/03\/La-Cantinetta.jpg 618w\" sizes=\"(max-width: 300px) 100vw, 300px\" \/><\/p>\n<p style=\"text-align: left;\">La Cantinetta geh\u00f6rt zu unseren Favoriten. Der Betreiber des Restaurants ist ein Schweizer und er kocht extrem leckere italienische K\u00fcche. Es gibt hausgemachte Pasta und super Fleischgerichte. Wirklich sehr empfehlenswert! Ist allerdings nicht das g\u00fcnstigste Restaurant in Lanzarote.<\/p>\n<p style=\"text-align: left;\">Calle las Piteras 6,<br \/>\n35508 Costa Teguise<br \/>\n+34 928 59 14 60<\/p>\n<p style=\"text-align: left;\"><a href=\"http:\/\/www.lacantinettadeteguise.com\" target=\"_blank\" rel=\"noopener\">WebSite<\/a><\/p>\n<p style=\"text-align: left;\">Immer montags geschlossen,<br \/>\nansonsten von 17:00 \u2013 23:00 Uhr\u00a0ge\u00f6ffnet<\/p>\n<p>&nbsp;<\/p>\n","protected":false},"excerpt":{"rendered":"<p>La Cantinetta geh\u00f6rt zu unseren Favoriten. Der Betreiber des Restaurants ist ein Schweizer und er kocht extrem leckere italienische K\u00fcche. Es gibt hausgemachte Pasta und super Fleischgerichte. Wirklich sehr empfehlenswert! Ist allerdings nicht das g\u00fcnstigste Restaurant in Lanzarote. Calle las Piteras 6, 35508 Costa Teguise +34 928 59 14 60 WebSite Immer montags geschlossen, ansonsten von 17:00 \u2013 23:00 Uhr\u00a0ge\u00f6ffnet &nbsp;<\/p>\n","protected":false},"author":1,"featured_media":0,"comment_status":"closed","ping_status":"closed","sticky":false,"template":"","format":"standard","meta":[],"categories":[1],"tags":[],"_links":{"self":[{"href":"http:\/\/nas.brenzikofer.ch\/wordpress\/wp-json\/wp\/v2\/posts\/280"}],"collection":[{"href":"http:\/\/nas.brenzikofer.ch\/wordpress\/wp-json\/wp\/v2\/posts"}],"about":[{"href":"http:\/\/nas.brenzikofer.ch\/wordpress\/wp-json\/wp\/v2\/types\/post"}],"author":[{"embeddable":true,"href":"http:\/\/nas.brenzikofer.ch\/wordpress\/wp-json\/wp\/v2\/users\/1"}],"replies":[{"embeddable":true,"href":"http:\/\/nas.brenzikofer.ch\/wordpress\/wp-json\/wp\/v2\/comments?post=280"}],"version-history":[{"count":16,"href":"http:\/\/nas.brenzikofer.ch\/wordpress\/wp-json\/wp\/v2\/posts\/280\/revisions"}],"predecessor-version":[{"id":340,"href":"http:\/\/nas.brenzikofer.ch\/wordpress\/wp-json\/wp\/v2\/posts\/280\/revisions\/340"}],"wp:attachment":[{"href":"http:\/\/nas.brenzikofer.ch\/wordpress\/wp-json\/wp\/v2\/media?parent=280"}],"wp:term":[{"taxonomy":"category","embeddable":true,"href":"http:\/\/nas.brenzikofer.ch\/wordpress\/wp-json\/wp\/v2\/categories?post=280"},{"taxonomy":"post_tag","embeddable":true,"href":"http:\/\/nas.brenzikofer.ch\/wordpress\/wp-json\/wp\/v2\/tags?post=280"}],"curies":[{"name":"wp","href":"https:\/\/api.w.org\/{rel}","templated":true}]}}